{"id":838,"date":"2021-02-20T15:28:09","date_gmt":"2021-02-20T14:28:09","guid":{"rendered":"http:\/\/cbu.strony.uw.edu.pl\/?p=838"},"modified":"2021-02-20T15:39:05","modified_gmt":"2021-02-20T14:39:05","slug":"zaraza-ponad-podzialami-zwiazki-pogladow-politycznych-z-postawami-wobec-epidemii-sars-cov-2","status":"publish","type":"post","link":"http:\/\/cbu.psychologia.pl\/en\/2021\/02\/20\/zaraza-ponad-podzialami-zwiazki-pogladow-politycznych-z-postawami-wobec-epidemii-sars-cov-2\/","title":{"rendered":"(Polski) Zaraza ponad podzia\u0142ami. Zwi\u0105zki pogl\u0105d\u00f3w politycznych z postawami wobec epidemii SARS-CoV-2"},"content":{"rendered":"<p class=\"qtranxs-available-languages-message qtranxs-available-languages-message-en\">Sorry, this entry is only available in <a href=\"http:\/\/cbu.psychologia.pl\/pl\/wp-json\/wp\/v2\/posts\/838\" class=\"qtranxs-available-language-link qtranxs-available-language-link-pl\" title=\"Polski\">Polish<\/a>.<\/p>","protected":false},"excerpt":{"rendered":"<p>Sorry, this entry is only available in Polish.<\/p>\n","protected":false},"author":1239,"featured_media":0,"comment_status":"closed","ping_status":"closed","sticky":false,"template":"","format":"standard","meta":{"_links_to":"","_links_to_target":""},"categories":[9],"tags":[13,18,33],"acf":[],"_links":{"self":[{"href":"http:\/\/cbu.psychologia.pl\/en\/wp-json\/wp\/v2\/posts\/838"}],"collection":[{"href":"http:\/\/cbu.psychologia.pl\/en\/wp-json\/wp\/v2\/posts"}],"about":[{"href":"http:\/\/cbu.psychologia.pl\/en\/wp-json\/wp\/v2\/types\/post"}],"author":[{"embeddable":true,"href":"http:\/\/cbu.psychologia.pl\/en\/wp-json\/wp\/v2\/users\/1239"}],"replies":[{"embeddable":true,"href":"http:\/\/cbu.psychologia.pl\/en\/wp-json\/wp\/v2\/comments?post=838"}],"version-history":[{"count":1,"href":"http:\/\/cbu.psychologia.pl\/en\/wp-json\/wp\/v2\/posts\/838\/revisions"}],"predecessor-version":[{"id":839,"href":"http:\/\/cbu.psychologia.pl\/en\/wp-json\/wp\/v2\/posts\/838\/revisions\/839"}],"wp:attachment":[{"href":"http:\/\/cbu.psychologia.pl\/en\/wp-json\/wp\/v2\/media?parent=838"}],"wp:term":[{"taxonomy":"category","embeddable":true,"href":"http:\/\/cbu.psychologia.pl\/en\/wp-json\/wp\/v2\/categories?post=838"},{"taxonomy":"post_tag","embeddable":true,"href":"http:\/\/cbu.psychologia.pl\/en\/wp-json\/wp\/v2\/tags?post=838"}],"curies":[{"name":"wp","href":"https:\/\/api.w.org\/{rel}","templated":true}]}}